{"id":606,"date":"2020-01-21T17:03:00","date_gmt":"2020-01-21T17:03:00","guid":{"rendered":"https:\/\/visapress.pt\/?p=606"},"modified":"2023-02-06T17:30:32","modified_gmt":"2023-02-06T17:30:32","slug":"comunicado-agecop-revogacao-do-artigo-5-o-a-da-lei-no-62-98-de-01-de-setembro","status":"publish","type":"post","link":"https:\/\/visapress.pt\/2020\/01\/comunicado-agecop-revogacao-do-artigo-5-o-a-da-lei-no-62-98-de-01-de-setembro\/","title":{"rendered":"COMUNICADO AGECOP revoga\u00e7\u00e3o do artigo 5.\u00ba-A da Lei n\u00ba 62\/98 de 01 de setembro"},"content":{"rendered":"\n<p>A AGECOP e todas as Entidades de Gest\u00e3o suas associadas, que representam, em Portugal os Autores, Artistas, Produtores musicais e de audiovisual, Editores Livreiros e Empresas Jornal\u00edsticas manifestam publicamente o seu apoio e satisfa\u00e7\u00e3o pela revoga\u00e7\u00e3o do artigo5.\u00ba-A da Lei n\u00ba 62\/98 de 01 de setembro, constante do Artigo 263\u00ba da proposta de Or\u00e7amento de Estado para 2020, apresentada pelo Governo \u00e0 Assembleia da Rep\u00fablica e j\u00e1 aprovada na generalidade.<br>Esta norma \u2013 introduzida na altera\u00e7\u00e3o \u00e0 Lei aprovada em 2015 \u2013 trata-se, como as entidades signat\u00e1rias sempre assinalaram, de uma norma in\u00edqua, desprovida de qualquer racionalidade econ\u00f3mica (na verdade n\u00e3o tem quaisquer efeitos no mercado), violadora das normas da Uni\u00e3o Europeia que regulam o instituto da c\u00f3pia privada e gritantemente violadora dos mais b\u00e1sicos princ\u00edpios de um estado de direito.<br>Para al\u00e9m do mais, sublinhe-se que os valores cobrados pela AGECOP n\u00e3o s\u00e3o receita pr\u00f3pria desta, nem das entidades de gest\u00e3o coletiva suas associadas, mas antes rendimentos pr\u00f3prios de criadores e titulares de direitos. S\u00e3o estes os destinat\u00e1rios finais dos valores arrecadados, como o imp\u00f5e a lei, o direito Europeu e a jurisprud\u00eancia un\u00e2nime do Tribunal de Justi\u00e7a da Uni\u00e3o Europeia.<br>Importa ainda recordar que a lei nacional prev\u00ea j\u00e1 obriga\u00e7\u00f5es das entidades de gest\u00e3o alocarem uma parcela muito significativa dos valores por elas cobrados \u2013 que atingem os 20% no caso da c\u00f3pia privada \u2013 a fins e atividades de interesse social e cultural. \u00c9 compromisso assumido pelas entidades signat\u00e1rias, darem continuidade a estas atividades, num mecanismo de complementaridade com os financiamentos p\u00fablicos \u00e0 atividade cultural, como o t\u00eam feito at\u00e9 \u00e0 data no estrito cumprimento da lei e com a supervis\u00e3o da tutela.<br>Neste contexto, a AGECOP, a APEL, a AUDIOGEST, a GDA, a GEDIPE, a SPA e a VISAPRESS, apelam a todos os partidos pol\u00edticos com representa\u00e7\u00e3o parlamentar para que possam, atrav\u00e9s do seu voto favor\u00e1vel a esta proposta, tamb\u00e9m na especialidade, contribuir para viabilizar, em definitivo, a reposi\u00e7\u00e3o da justi\u00e7a e da legalidade.<br>Lisboa, 21 de janeiro de 2020<br>AGECOP, APEL, AUDIOGEST, GDA, GEDIPE, SPA e VISAPRESS<\/p>\n\n\n\n<p><a href=\"https:\/\/visapress.pt\/wp-content\/uploads\/2023\/02\/1579775327.pdf\">https:\/\/visapress.pt\/wp-content\/uploads\/2023\/02\/1579775327.pdf<\/a><\/p>\n","protected":false},"excerpt":{"rendered":"<p>A AGECOP e todas as Entidades de Gest\u00e3o suas associadas, que representam, em Portugal os Autores, Artistas, Produtores musicais e de audiovisual, Editores Livreiros e Empresas Jornal\u00edsticas manifestam publicamente o seu apoio e satisfa\u00e7\u00e3o pela revoga\u00e7\u00e3o do artigo5.\u00ba-A da Lei n\u00ba 62\/98 de 01 de setembro, constante do Artigo 263\u00ba da proposta de Or\u00e7amento de [&hellip;]<\/p>\n","protected":false},"author":2,"featured_media":0,"comment_status":"open","ping_status":"open","sticky":false,"template":"","format":"standard","meta":{"footnotes":""},"categories":[1],"tags":[],"class_list":["post-606","post","type-post","status-publish","format-standard","hentry","category-uncategorized"],"_links":{"self":[{"href":"https:\/\/visapress.pt\/api\/wp\/v2\/posts\/606","targetHints":{"allow":["GET"]}}],"collection":[{"href":"https:\/\/visapress.pt\/api\/wp\/v2\/posts"}],"about":[{"href":"https:\/\/visapress.pt\/api\/wp\/v2\/types\/post"}],"author":[{"embeddable":true,"href":"https:\/\/visapress.pt\/api\/wp\/v2\/users\/2"}],"replies":[{"embeddable":true,"href":"https:\/\/visapress.pt\/api\/wp\/v2\/comments?post=606"}],"version-history":[{"count":2,"href":"https:\/\/visapress.pt\/api\/wp\/v2\/posts\/606\/revisions"}],"predecessor-version":[{"id":609,"href":"https:\/\/visapress.pt\/api\/wp\/v2\/posts\/606\/revisions\/609"}],"wp:attachment":[{"href":"https:\/\/visapress.pt\/api\/wp\/v2\/media?parent=606"}],"wp:term":[{"taxonomy":"category","embeddable":true,"href":"https:\/\/visapress.pt\/api\/wp\/v2\/categories?post=606"},{"taxonomy":"post_tag","embeddable":true,"href":"https:\/\/visapress.pt\/api\/wp\/v2\/tags?post=606"}],"curies":[{"name":"wp","href":"https:\/\/api.w.org\/{rel}","templated":true}]}}