{"id":588,"date":"2014-09-02T15:34:00","date_gmt":"2014-09-02T14:34:00","guid":{"rendered":"https:\/\/visapress.pt\/?p=588"},"modified":"2023-02-06T15:35:37","modified_gmt":"2023-02-06T15:35:37","slug":"quem-e-a-visapress","status":"publish","type":"post","link":"https:\/\/visapress.pt\/2014\/09\/quem-e-a-visapress\/","title":{"rendered":"Quem \u00e9 a VISAPRESS"},"content":{"rendered":"\n<p><strong>Licenciamos os Direitos de Autor da Imprensa<\/strong><br>A Visapress &#8211; Gest\u00e3o de Conte\u00fados dos Media, CRL \u00e9 uma pessoa coletiva de utilidade p\u00fablica constituida em 2009 de acordo com a Lei n\u00ba 83\/2001, de 3 de agosto, para a prote\u00e7\u00e3o e gest\u00e3o integrada do conte\u00fado patrimonial dos Direitos de Autor, designadamente dos propriet\u00e1rios de jornais, revistas e outras publica\u00e7\u00f5es peri\u00f3dicas. A Visapress \u00e9 membro de pleno direito da PDLN, Press Database and Licensing Network que agrupa as entidades de gest\u00e3o colectiva de direitos de autor europeias.<\/p>\n\n\n\n<p><a href=\"https:\/\/visapress.pt\/quem-somos\/\" data-type=\"URL\" data-id=\"https:\/\/visapress.pt\/quem-somos\/\">Link da VISAPRESS<\/a><\/p>\n","protected":false},"excerpt":{"rendered":"<p>Licenciamos os Direitos de Autor da ImprensaA Visapress &#8211; Gest\u00e3o de Conte\u00fados dos Media, CRL \u00e9 uma pessoa coletiva de utilidade p\u00fablica constituida em 2009 de acordo com a Lei n\u00ba 83\/2001, de 3 de agosto, para a prote\u00e7\u00e3o e gest\u00e3o integrada do conte\u00fado patrimonial dos Direitos de Autor, designadamente dos propriet\u00e1rios de jornais, revistas [&hellip;]<\/p>\n","protected":false},"author":2,"featured_media":0,"comment_status":"open","ping_status":"open","sticky":false,"template":"","format":"standard","meta":{"footnotes":""},"categories":[1],"tags":[],"class_list":["post-588","post","type-post","status-publish","format-standard","hentry","category-uncategorized"],"_links":{"self":[{"href":"https:\/\/visapress.pt\/api\/wp\/v2\/posts\/588","targetHints":{"allow":["GET"]}}],"collection":[{"href":"https:\/\/visapress.pt\/api\/wp\/v2\/posts"}],"about":[{"href":"https:\/\/visapress.pt\/api\/wp\/v2\/types\/post"}],"author":[{"embeddable":true,"href":"https:\/\/visapress.pt\/api\/wp\/v2\/users\/2"}],"replies":[{"embeddable":true,"href":"https:\/\/visapress.pt\/api\/wp\/v2\/comments?post=588"}],"version-history":[{"count":1,"href":"https:\/\/visapress.pt\/api\/wp\/v2\/posts\/588\/revisions"}],"predecessor-version":[{"id":589,"href":"https:\/\/visapress.pt\/api\/wp\/v2\/posts\/588\/revisions\/589"}],"wp:attachment":[{"href":"https:\/\/visapress.pt\/api\/wp\/v2\/media?parent=588"}],"wp:term":[{"taxonomy":"category","embeddable":true,"href":"https:\/\/visapress.pt\/api\/wp\/v2\/categories?post=588"},{"taxonomy":"post_tag","embeddable":true,"href":"https:\/\/visapress.pt\/api\/wp\/v2\/tags?post=588"}],"curies":[{"name":"wp","href":"https:\/\/api.w.org\/{rel}","templated":true}]}}