{"id":565,"date":"2017-01-15T11:50:00","date_gmt":"2017-01-15T11:50:00","guid":{"rendered":"https:\/\/visapress.pt\/?p=565"},"modified":"2023-02-06T15:38:03","modified_gmt":"2023-02-06T15:38:03","slug":"cgtp-licenciada-para-utilizacao-de-conteudos-de-imprensa-escrita","status":"publish","type":"post","link":"https:\/\/visapress.pt\/2017\/01\/cgtp-licenciada-para-utilizacao-de-conteudos-de-imprensa-escrita\/","title":{"rendered":"CGTP Licenciada para utiliza\u00e7\u00e3o de conte\u00fados de imprensa escrita"},"content":{"rendered":"\n<p>A VISAPRESS \u2013 Gest\u00e3o de Conte\u00fados dos Media, CRL &#8211; www.visapress.pt &#8211; \u00e9 uma entidade sem fins lucrativos, constitu\u00edda, sob a forma de cooperativa, nos termos Lei n.\u00ba 26\/2015, de 14 de abril, sendo, de acordo com a mesma lei e respetivos estatutos, respons\u00e1vel pela gest\u00e3o coletiva dos direitos de autor sobre jornais e revistas, entre outros, dos maiores editores nacionais, representando cerca de 70% da circula\u00e7\u00e3o nacional.<\/p>\n\n\n\n<p>O C\u00f3digo do Direito de Autor e dos Direitos Conexos (CDADC), no Artigo 67\u00ba n.\u00ba 1 e 2 estabelece o direito exclusivo do autor de fruir e utilizar a sua obra, no todo ou em parte, concedendo a este o direito exclusivo de divulgar, publicar e explorar economicamente por qualquer forma, direta ou indireta. A garantia das vantagens patrimoniais resultantes dessa explora\u00e7\u00e3o constitui, do ponto de vista econ\u00f3mico, o objeto fundamental da prote\u00e7\u00e3o legal.<\/p>\n\n\n\n<p>A aquisi\u00e7\u00e3o de imprensa, seja por que meio for, n\u00e3o transmite ao adquirente o direito de reproduzir, por qualquer forma esses conte\u00fados. Se o adquirente desejar reproduzir por qualquer meio, anal\u00f3gico, digital e ou colocar dispon\u00edvel em p\u00e1ginas na internet, dever\u00e1 obrigatoriamente obter uma autoriza\u00e7\u00e3o do autor ou do seu representante por meio de uma licen\u00e7a para o efeito.<\/p>\n\n\n\n<p>Atenta a esta realidade, a CGTP, celebrou com a VISAPRESS Gest\u00e3o de conte\u00fados de Media CRL no passado dia 1 de Janeiro de 2017 o seu licenciamento anual enquanto utilizador secund\u00e1rio de conte\u00fados de imprensa escrita.<\/p>\n","protected":false},"excerpt":{"rendered":"<p>A VISAPRESS \u2013 Gest\u00e3o de Conte\u00fados dos Media, CRL &#8211; www.visapress.pt &#8211; \u00e9 uma entidade sem fins lucrativos, constitu\u00edda, sob a forma de cooperativa, nos termos Lei n.\u00ba 26\/2015, de 14 de abril, sendo, de acordo com a mesma lei e respetivos estatutos, respons\u00e1vel pela gest\u00e3o coletiva dos direitos de autor sobre jornais e revistas, [&hellip;]<\/p>\n","protected":false},"author":1,"featured_media":0,"comment_status":"open","ping_status":"open","sticky":false,"template":"","format":"standard","meta":{"footnotes":""},"categories":[1],"tags":[],"class_list":["post-565","post","type-post","status-publish","format-standard","hentry","category-uncategorized"],"_links":{"self":[{"href":"https:\/\/visapress.pt\/api\/wp\/v2\/posts\/565","targetHints":{"allow":["GET"]}}],"collection":[{"href":"https:\/\/visapress.pt\/api\/wp\/v2\/posts"}],"about":[{"href":"https:\/\/visapress.pt\/api\/wp\/v2\/types\/post"}],"author":[{"embeddable":true,"href":"https:\/\/visapress.pt\/api\/wp\/v2\/users\/1"}],"replies":[{"embeddable":true,"href":"https:\/\/visapress.pt\/api\/wp\/v2\/comments?post=565"}],"version-history":[{"count":3,"href":"https:\/\/visapress.pt\/api\/wp\/v2\/posts\/565\/revisions"}],"predecessor-version":[{"id":591,"href":"https:\/\/visapress.pt\/api\/wp\/v2\/posts\/565\/revisions\/591"}],"wp:attachment":[{"href":"https:\/\/visapress.pt\/api\/wp\/v2\/media?parent=565"}],"wp:term":[{"taxonomy":"category","embeddable":true,"href":"https:\/\/visapress.pt\/api\/wp\/v2\/categories?post=565"},{"taxonomy":"post_tag","embeddable":true,"href":"https:\/\/visapress.pt\/api\/wp\/v2\/tags?post=565"}],"curies":[{"name":"wp","href":"https:\/\/api.w.org\/{rel}","templated":true}]}}