{"id":559,"date":"2018-08-30T11:48:00","date_gmt":"2018-08-30T10:48:00","guid":{"rendered":"https:\/\/visapress.pt\/?p=559"},"modified":"2023-02-06T16:38:53","modified_gmt":"2023-02-06T16:38:53","slug":"produtores-de-conteudos-apelam-ao-sim-dos-eurodeputados-a-diretiva-sobre-direitos-de-autor-na-internet","status":"publish","type":"post","link":"https:\/\/visapress.pt\/2018\/08\/produtores-de-conteudos-apelam-ao-sim-dos-eurodeputados-a-diretiva-sobre-direitos-de-autor-na-internet\/","title":{"rendered":"Produtores de conte\u00fados apelam ao \u201csim\u201d dos eurodeputados \u00e0 diretiva sobre direitos de autor na internet"},"content":{"rendered":"\n<p>Decorreu no dia 22 de agosto de 2018, na Casa da Imprensa, uma declara\u00e7\u00e3o p\u00fablica da posi\u00e7\u00e3o conjunta da ind\u00fastria criativa portuguesa sobre a Diretiva de Direitos de Autor no Mercado \u00danico Digital. Estiveram representadas as entidades signat\u00e1rias, assim como alguns dos mais reputados autores e artistas nacionais, solid\u00e1rios com esta causa desde o primeiro momento e que juntam a sua voz a largas centenas de milhares de criadores da Europa inteira e do mundo.<\/p>\n\n\n\n<p>No pr\u00f3ximo dia 12 o Parlamento Europeu ter\u00e1 a oportunidade hist\u00f3rica de p\u00f4r cobro a uma situa\u00e7\u00e3o inaceit\u00e1vel que determina uma total invers\u00e3o da cadeia de valor entre os criadores de cultura e as plataformas.&nbsp;<\/p>\n\n\n\n<p>Este \u00e9 um momento-chave para a Europa. A Uni\u00e3o Europeia ter\u00e1 nas suas m\u00e3os assegurar a import\u00e2ncia que a cultura tem no Mercado \u00danico Digital. \u00c9 em nome de centenas de milhares de autores, produtores de m\u00fasica e de audiovisual, portugueses e estrangeiros, e de centenas de empresas jornal\u00edsticas e meios de comunica\u00e7\u00e3o social nacionais e regionais, que as entidades signat\u00e1rias apelam aos eurodeputados portugueses.&nbsp;<\/p>\n\n\n\n<p>Queremos que a UE continue a ser sin\u00f3nimo de um espa\u00e7o democr\u00e1tico que preza a liberdade de express\u00e3o e informa\u00e7\u00e3o assim como os valores culturais e criativos.<\/p>\n\n\n\n<p><a rel=\"noreferrer noopener\" href=\"https:\/\/visapress.pt\/wp-content\/uploads\/2023\/02\/1535010841.pdf\" data-type=\"URL\" data-id=\"https:\/\/visapress.pt\/wp-content\/uploads\/2023\/02\/1535010841.pdf\" target=\"_blank\">Leia Aqui o Apelo <\/a><a href=\"https:\/\/visapress.pt\/wp-content\/uploads\/2023\/02\/1535010841.pdf\" data-type=\"URL\" data-id=\"https:\/\/visapress.pt\/wp-content\/uploads\/2023\/02\/1535010841.pdf\" target=\"_blank\" rel=\"noreferrer noopener\">a<\/a><a rel=\"noreferrer noopener\" href=\"https:\/\/visapress.pt\/wp-content\/uploads\/2023\/02\/1535010841.pdf\" data-type=\"URL\" data-id=\"https:\/\/visapress.pt\/wp-content\/uploads\/2023\/02\/1535010841.pdf\" target=\"_blank\">os Deputados Portugueses no PE<\/a><\/p>\n","protected":false},"excerpt":{"rendered":"<p>Decorreu no dia 22 de agosto de 2018, na Casa da Imprensa, uma declara\u00e7\u00e3o p\u00fablica da posi\u00e7\u00e3o conjunta da ind\u00fastria criativa portuguesa sobre a Diretiva de Direitos de Autor no Mercado \u00danico Digital. Estiveram representadas as entidades signat\u00e1rias, assim como alguns dos mais reputados autores e artistas nacionais, solid\u00e1rios com esta causa desde o primeiro [&hellip;]<\/p>\n","protected":false},"author":1,"featured_media":0,"comment_status":"open","ping_status":"open","sticky":false,"template":"","format":"standard","meta":{"footnotes":""},"categories":[1],"tags":[],"class_list":["post-559","post","type-post","status-publish","format-standard","hentry","category-uncategorized"],"_links":{"self":[{"href":"https:\/\/visapress.pt\/api\/wp\/v2\/posts\/559","targetHints":{"allow":["GET"]}}],"collection":[{"href":"https:\/\/visapress.pt\/api\/wp\/v2\/posts"}],"about":[{"href":"https:\/\/visapress.pt\/api\/wp\/v2\/types\/post"}],"author":[{"embeddable":true,"href":"https:\/\/visapress.pt\/api\/wp\/v2\/users\/1"}],"replies":[{"embeddable":true,"href":"https:\/\/visapress.pt\/api\/wp\/v2\/comments?post=559"}],"version-history":[{"count":2,"href":"https:\/\/visapress.pt\/api\/wp\/v2\/posts\/559\/revisions"}],"predecessor-version":[{"id":600,"href":"https:\/\/visapress.pt\/api\/wp\/v2\/posts\/559\/revisions\/600"}],"wp:attachment":[{"href":"https:\/\/visapress.pt\/api\/wp\/v2\/media?parent=559"}],"wp:term":[{"taxonomy":"category","embeddable":true,"href":"https:\/\/visapress.pt\/api\/wp\/v2\/categories?post=559"},{"taxonomy":"post_tag","embeddable":true,"href":"https:\/\/visapress.pt\/api\/wp\/v2\/tags?post=559"}],"curies":[{"name":"wp","href":"https:\/\/api.w.org\/{rel}","templated":true}]}}