{"id":557,"date":"2019-05-17T11:47:00","date_gmt":"2019-05-17T10:47:00","guid":{"rendered":"https:\/\/visapress.pt\/?p=557"},"modified":"2023-02-06T16:48:01","modified_gmt":"2023-02-06T16:48:01","slug":"publicacao-do-texto-da-diretiva-relativa-aos-direitos-de-autor-e-direitos-conexos-no-mercado-unico-digital","status":"publish","type":"post","link":"https:\/\/visapress.pt\/2019\/05\/publicacao-do-texto-da-diretiva-relativa-aos-direitos-de-autor-e-direitos-conexos-no-mercado-unico-digital\/","title":{"rendered":"Publica\u00e7\u00e3o do Texto da Diretiva relativa aos direitos de autor e direitos conexos no mercado \u00fanico digital"},"content":{"rendered":"\n<p>Foi hoje, publicado no jornal Oficial da Uni\u00e3o Europeia o texto da DIRETIVA (UE) 2019\/790 DO PARLAMENTO EUROPEU E DO CONSELHO de 17 de abril de 2019 relativa aos direitos de autor e direitos conexos no mercado \u00fanico digital.<\/p>\n\n\n\n<p>Esta Diretiva, que entrar\u00e1 em vigor&nbsp;em 20 dias, entre outros, cria no seu artigo 14, um novo direito conexo para os editores de imprensa em ambiente digital, que&nbsp;cremos ser&nbsp; um contributo positivo para a imprensa em Portugal e na Europa.<\/p>\n\n\n\n<p><br><a href=\"https:\/\/eur-lex.europa.eu\/legal-content\/PT\/TXT\/PDF\/?uri=OJ:L:2019:130:FULL&amp;from=EN&amp;utm_source=POLITICO.EU&amp;utm_campaign=2afb7a408a-EMAIL_CAMPAIGN_2019_05_17_07_31&amp;utm_medium=email&amp;utm_term=0_10959edeb5-2afb7a408a-189970193\" data-type=\"URL\" data-id=\"https:\/\/eur-lex.europa.eu\/legal-content\/PT\/TXT\/PDF\/?uri=OJ:L:2019:130:FULL&amp;from=EN&amp;utm_source=POLITICO.EU&amp;utm_campaign=2afb7a408a-EMAIL_CAMPAIGN_2019_05_17_07_31&amp;utm_medium=email&amp;utm_term=0_10959edeb5-2afb7a408a-189970193\">Jornal Oficial da Uni\u00e3o Europeia<\/a><\/p>\n","protected":false},"excerpt":{"rendered":"<p>Foi hoje, publicado no jornal Oficial da Uni\u00e3o Europeia o texto da DIRETIVA (UE) 2019\/790 DO PARLAMENTO EUROPEU E DO CONSELHO de 17 de abril de 2019 relativa aos direitos de autor e direitos conexos no mercado \u00fanico digital. Esta Diretiva, que entrar\u00e1 em vigor&nbsp;em 20 dias, entre outros, cria no seu artigo 14, um [&hellip;]<\/p>\n","protected":false},"author":1,"featured_media":0,"comment_status":"open","ping_status":"open","sticky":false,"template":"","format":"standard","meta":{"footnotes":""},"categories":[1],"tags":[],"class_list":["post-557","post","type-post","status-publish","format-standard","hentry","category-uncategorized"],"_links":{"self":[{"href":"https:\/\/visapress.pt\/api\/wp\/v2\/posts\/557","targetHints":{"allow":["GET"]}}],"collection":[{"href":"https:\/\/visapress.pt\/api\/wp\/v2\/posts"}],"about":[{"href":"https:\/\/visapress.pt\/api\/wp\/v2\/types\/post"}],"author":[{"embeddable":true,"href":"https:\/\/visapress.pt\/api\/wp\/v2\/users\/1"}],"replies":[{"embeddable":true,"href":"https:\/\/visapress.pt\/api\/wp\/v2\/comments?post=557"}],"version-history":[{"count":3,"href":"https:\/\/visapress.pt\/api\/wp\/v2\/posts\/557\/revisions"}],"predecessor-version":[{"id":601,"href":"https:\/\/visapress.pt\/api\/wp\/v2\/posts\/557\/revisions\/601"}],"wp:attachment":[{"href":"https:\/\/visapress.pt\/api\/wp\/v2\/media?parent=557"}],"wp:term":[{"taxonomy":"category","embeddable":true,"href":"https:\/\/visapress.pt\/api\/wp\/v2\/categories?post=557"},{"taxonomy":"post_tag","embeddable":true,"href":"https:\/\/visapress.pt\/api\/wp\/v2\/tags?post=557"}],"curies":[{"name":"wp","href":"https:\/\/api.w.org\/{rel}","templated":true}]}}