{"id":544,"date":"2021-08-03T11:46:00","date_gmt":"2021-08-03T10:46:00","guid":{"rendered":"https:\/\/visapress.pt\/?p=544"},"modified":"2023-05-22T10:36:36","modified_gmt":"2023-05-22T09:36:36","slug":"assembleia-da-republica-recomenda-ao-governo-o-combate-a-pirataria-de-publicacoes-jornalisticas-contribuindo-para-um-jornalismo-mais-independente-e-plural","status":"publish","type":"post","link":"https:\/\/visapress.pt\/2021\/08\/assembleia-da-republica-recomenda-ao-governo-o-combate-a-pirataria-de-publicacoes-jornalisticas-contribuindo-para-um-jornalismo-mais-independente-e-plural\/","title":{"rendered":"Assembleia da Rep\u00fablica recomenda ao Governo o combate \u00e0 pirataria de publica\u00e7\u00f5es jornal\u00edsticas, contribuindo para um jornalismo mais independente e plural"},"content":{"rendered":"\n<p>A VISAPRESS congratula a Assembleia da Rep\u00fablica pela sua Resolu\u00e7\u00e3o n.\u00ba 191\/2021, de 5 de julho de 2021, onde recomenda ao Governo o combate \u00e0 pirataria de publica\u00e7\u00f5es jornal\u00edsticas, contribuindo para um jornalismo mais independente e plural, algo pelo qual esta entidade se vem batendo h\u00e1 longos anos.<\/p>\n\n\n\n<p>Nesta resolu\u00e7\u00e3o, a Assembleia da Rep\u00fablica apela ao Governo para que este realize diversas a\u00e7\u00f5es que permitam alcan\u00e7ar este des\u00edgnio, nomeadamente a realiza\u00e7\u00e3o de uma campanha nacional de combate \u00e0 pirataria, a cria\u00e7\u00e3o de mecanismos eficazes de prote\u00e7\u00e3o dos conte\u00fados jornal\u00edsticos, o aumento da fiscaliza\u00e7\u00e3o da pr\u00e1tica do crime de usurpa\u00e7\u00e3o, a cria\u00e7\u00e3o de um c\u00f3digo de boas pr\u00e1ticas de utiliza\u00e7\u00e3o de pe\u00e7as noticiosas na Administra\u00e7\u00e3o P\u00fablica, transponha a Diretiva (UE) 2019\/790, do Parlamento Europeu e do Conselho, de 17 de abril de 2019, relativa aos direitos conexos no mercado \u00fanico digital, entre outras a\u00e7\u00f5es.<\/p>\n\n\n\n<p>A VISAPRESS, enquanto entidade respons\u00e1vel pela gest\u00e3o coletiva dos direitos de autor imanentes dos jornais, revistas e jornalistas, e face a esta recomenda\u00e7\u00e3o da Assembleia da Rep\u00fablica, desafia o Governo a rapidamente assumir um compromisso pela liberdade de imprensa atrav\u00e9s da cria\u00e7\u00e3o de leis que permitam o combate \u00e0 pirataria e partilha de conte\u00fados editoriais, em particular nas redes sociais.<\/p>\n\n\n\n<div class=\"wp-block-buttons alignwide is-layout-flex wp-block-buttons-is-layout-flex\">\n<div class=\"wp-block-button aligncenter\"><a class=\"wp-block-button__link wp-element-button\" href=\"https:\/\/visapress.pt\/wp-content\/uploads\/2023\/02\/1625645371.pdf\" target=\"_blank\" rel=\"noreferrer noopener\">Veja aqui o documento<\/a><\/div>\n<\/div>\n","protected":false},"excerpt":{"rendered":"<p>A VISAPRESS congratula a Assembleia da Rep\u00fablica pela sua Resolu\u00e7\u00e3o n.\u00ba 191\/2021, de 5 de julho de 2021, onde recomenda ao Governo o combate \u00e0 pirataria de publica\u00e7\u00f5es jornal\u00edsticas, contribuindo para um jornalismo mais independente e plural, algo pelo qual esta entidade se vem batendo h\u00e1 longos anos. Nesta resolu\u00e7\u00e3o, a Assembleia da Rep\u00fablica apela [&hellip;]<\/p>\n","protected":false},"author":1,"featured_media":0,"comment_status":"open","ping_status":"open","sticky":false,"template":"","format":"standard","meta":{"footnotes":""},"categories":[1],"tags":[],"class_list":["post-544","post","type-post","status-publish","format-standard","hentry","category-uncategorized"],"_links":{"self":[{"href":"https:\/\/visapress.pt\/api\/wp\/v2\/posts\/544","targetHints":{"allow":["GET"]}}],"collection":[{"href":"https:\/\/visapress.pt\/api\/wp\/v2\/posts"}],"about":[{"href":"https:\/\/visapress.pt\/api\/wp\/v2\/types\/post"}],"author":[{"embeddable":true,"href":"https:\/\/visapress.pt\/api\/wp\/v2\/users\/1"}],"replies":[{"embeddable":true,"href":"https:\/\/visapress.pt\/api\/wp\/v2\/comments?post=544"}],"version-history":[{"count":3,"href":"https:\/\/visapress.pt\/api\/wp\/v2\/posts\/544\/revisions"}],"predecessor-version":[{"id":713,"href":"https:\/\/visapress.pt\/api\/wp\/v2\/posts\/544\/revisions\/713"}],"wp:attachment":[{"href":"https:\/\/visapress.pt\/api\/wp\/v2\/media?parent=544"}],"wp:term":[{"taxonomy":"category","embeddable":true,"href":"https:\/\/visapress.pt\/api\/wp\/v2\/categories?post=544"},{"taxonomy":"post_tag","embeddable":true,"href":"https:\/\/visapress.pt\/api\/wp\/v2\/tags?post=544"}],"curies":[{"name":"wp","href":"https:\/\/api.w.org\/{rel}","templated":true}]}}