{"id":1739,"date":"2026-04-29T15:37:18","date_gmt":"2026-04-29T14:37:18","guid":{"rendered":"https:\/\/visapress.pt\/?p=1739"},"modified":"2026-04-29T15:37:18","modified_gmt":"2026-04-29T14:37:18","slug":"visapress-anuncia-novos-orgaos-sociais-para-o-trienio-2026-2029-medialivre-assume-presidencia-pela-primeira-vez","status":"publish","type":"post","link":"https:\/\/visapress.pt\/2026\/04\/visapress-anuncia-novos-orgaos-sociais-para-o-trienio-2026-2029-medialivre-assume-presidencia-pela-primeira-vez\/","title":{"rendered":"Visapress anuncia novos \u00f3rg\u00e3os sociais para o tri\u00e9nio 2026\u20112029; Medialivre assume presid\u00eancia pela primeira vez"},"content":{"rendered":"\n<p>A Visapress apresentou a nova composi\u00e7\u00e3o dos seus \u00f3rg\u00e3os sociais para o tri\u00e9nio 2026\u20112029, marcada pela entrada da Medialivre na presid\u00eancia do Conselho de Administra\u00e7\u00e3o. A elei\u00e7\u00e3o refor\u00e7a a representatividade do setor editorial portugu\u00eas na gest\u00e3o coletiva dos direitos de autor e direitos conexos dos editores de imprensa.<\/p>\n\n\n\n<p>A Mesa da Assembleia Geral passa a ser presidida pela Impresa Publishing S.A., representada por S\u00edlvia Neto Ferreira. A vice\u2011presid\u00eancia fica a cargo da Associa\u00e7\u00e3o Portuguesa de Imprensa, representada por Cl\u00e1udia Maia, enquanto o cargo de secret\u00e1rio ser\u00e1 desempenhado pela Associa\u00e7\u00e3o de Imprensa de Inspira\u00e7\u00e3o Crist\u00e3, atrav\u00e9s de Paulo Alexandre Ribeiro da Silva.<\/p>\n\n\n\n<p>O novo Conselho de Administra\u00e7\u00e3o \u00e9 liderado pela Medialivre, S.A., representada por Isabel Rodrigues, marcando a primeira vez que o grupo assume a presid\u00eancia da Visapress. A ag\u00eancia LUSA \u2013 Ag\u00eancia de Not\u00edcias de Portugal, S.A. mant\u00e9m um papel central na estrutura, com Joaquim de Jesus Pedro Carreira como tesoureiro.<br>A composi\u00e7\u00e3o fica completa com Francisco Manuel Gameiro Rebelo dos Santos, da Empresa Jornal\u00edstica Regi\u00e3o de Leiria Lda., na qualidade de Vogal. Rudolf Gruner, em representa\u00e7\u00e3o do Observador On Time S.A., \u00e9 o Membro Suplente.<\/p>\n\n\n\n<p>O Conselho Fiscal ser\u00e1 presidido pelo P\u00fablico S.A., representado por Ana Cristina Dinis da Silva Fanha Vicente Soares. A equipa integra ainda os vogais David Ferreira (Deco Proteste, Editores Lda.) e Vitor Manuel Mendes Santos (DFK &amp; Associados, SROC Lda.).<\/p>\n\n\n\n<p>Mandato inicia-se com foco na prote\u00e7\u00e3o dos direitos de autor<br>Com esta nova composi\u00e7\u00e3o, a Visapress refor\u00e7a o compromisso de garantir uma gest\u00e3o eficaz dos direitos de autor dos editores de imprensa, num contexto de crescente utiliza\u00e7\u00e3o digital de conte\u00fados jornal\u00edsticos e de desafios regulat\u00f3rios europeus.<\/p>\n","protected":false},"excerpt":{"rendered":"<p>A Visapress apresentou a nova composi\u00e7\u00e3o dos seus \u00f3rg\u00e3os sociais para o tri\u00e9nio 2026\u20112029, marcada pela entrada da Medialivre na presid\u00eancia do Conselho de Administra\u00e7\u00e3o. A elei\u00e7\u00e3o refor\u00e7a a representatividade do setor editorial portugu\u00eas na gest\u00e3o coletiva dos direitos de autor e direitos conexos dos editores de imprensa. A Mesa da Assembleia Geral passa a [&hellip;]<\/p>\n","protected":false},"author":2,"featured_media":0,"comment_status":"closed","ping_status":"closed","sticky":false,"template":"","format":"standard","meta":{"footnotes":""},"categories":[1],"tags":[],"class_list":["post-1739","post","type-post","status-publish","format-standard","hentry","category-uncategorized"],"_links":{"self":[{"href":"https:\/\/visapress.pt\/api\/wp\/v2\/posts\/1739","targetHints":{"allow":["GET"]}}],"collection":[{"href":"https:\/\/visapress.pt\/api\/wp\/v2\/posts"}],"about":[{"href":"https:\/\/visapress.pt\/api\/wp\/v2\/types\/post"}],"author":[{"embeddable":true,"href":"https:\/\/visapress.pt\/api\/wp\/v2\/users\/2"}],"replies":[{"embeddable":true,"href":"https:\/\/visapress.pt\/api\/wp\/v2\/comments?post=1739"}],"version-history":[{"count":1,"href":"https:\/\/visapress.pt\/api\/wp\/v2\/posts\/1739\/revisions"}],"predecessor-version":[{"id":1740,"href":"https:\/\/visapress.pt\/api\/wp\/v2\/posts\/1739\/revisions\/1740"}],"wp:attachment":[{"href":"https:\/\/visapress.pt\/api\/wp\/v2\/media?parent=1739"}],"wp:term":[{"taxonomy":"category","embeddable":true,"href":"https:\/\/visapress.pt\/api\/wp\/v2\/categories?post=1739"},{"taxonomy":"post_tag","embeddable":true,"href":"https:\/\/visapress.pt\/api\/wp\/v2\/tags?post=1739"}],"curies":[{"name":"wp","href":"https:\/\/api.w.org\/{rel}","templated":true}]}}