{"id":1471,"date":"2025-07-15T10:46:03","date_gmt":"2025-07-15T09:46:03","guid":{"rendered":"https:\/\/visapress.pt\/?p=1471"},"modified":"2025-07-15T10:46:03","modified_gmt":"2025-07-15T09:46:03","slug":"visapress-nas-jornadas-tecnicas-da-imprensa-regional-promovidas-pela-api","status":"publish","type":"post","link":"https:\/\/visapress.pt\/2025\/07\/visapress-nas-jornadas-tecnicas-da-imprensa-regional-promovidas-pela-api\/","title":{"rendered":"Visapress nas Jornadas T\u00e9cnicas da Imprensa Regional promovidas pela API"},"content":{"rendered":"\n<p>A Associa\u00e7\u00e3o Portuguesa de Imprensa organizou as Jornadas T\u00e9cnicas da Imprensa Regional que resultou em tr\u00eas momentos de capacita\u00e7\u00e3o em Set\u00fabal, Aveiro e Braga, todas elas contaram com a presen\u00e7a da Visapress na pessoa do seu Diretor Executivo, Carlos Eug\u00e9nio.<\/p>\n\n\n\n<figure class=\"wp-block-image aligncenter size-large is-resized\"><img loading=\"lazy\" decoding=\"async\" width=\"1024\" height=\"576\" src=\"https:\/\/visapress.pt\/wp-content\/uploads\/2025\/07\/JORNADASTECNICAS_VISAPRESS-1-1024x576.png\" alt=\"\" class=\"wp-image-1472\" style=\"width:427px;height:auto\" srcset=\"https:\/\/visapress.pt\/wp-content\/uploads\/2025\/07\/JORNADASTECNICAS_VISAPRESS-1-1024x576.png 1024w, https:\/\/visapress.pt\/wp-content\/uploads\/2025\/07\/JORNADASTECNICAS_VISAPRESS-1-300x169.png 300w, https:\/\/visapress.pt\/wp-content\/uploads\/2025\/07\/JORNADASTECNICAS_VISAPRESS-1-768x432.png 768w, https:\/\/visapress.pt\/wp-content\/uploads\/2025\/07\/JORNADASTECNICAS_VISAPRESS-1-1536x864.png 1536w, https:\/\/visapress.pt\/wp-content\/uploads\/2025\/07\/JORNADASTECNICAS_VISAPRESS-1-2048x1152.png 2048w\" sizes=\"auto, (max-width: 1024px) 100vw, 1024px\" \/><\/figure>\n\n\n\n<p>As Jornadas T\u00e9cnicas da Imprensa Regional 2025 tiveram como objetivo capacitar os profissionais da imprensa regional em Portugal, com foco nos principais desafios do setor, como inova\u00e7\u00e3o editorial, estrat\u00e9gias comerciais digitais e adapta\u00e7\u00e3o \u00e0s novas tecnologias.<\/p>\n\n\n\n<p>As sess\u00f5es realizaram-se em tr\u00eas cidades:<\/p>\n\n\n\n<p><strong>Set\u00fabal<\/strong>&nbsp;\u2013 14 de mar\u00e7o de 2025<br><strong>Aveiro<\/strong>&nbsp;\u2013 3 de abril de 2025<br><strong>Braga<\/strong>&nbsp;\u2013 9 de maio de 2025<\/p>\n\n\n\n<p>Em todas as edi\u00e7\u00f5es realizaram-se workshops, pain\u00e9is de discuss\u00e3o e momentos de networking, com o objetivo de que os participantes melhorem compet\u00eancias e explorem solu\u00e7\u00f5es inovadoras para o futuro da imprensa regional.<\/p>\n\n\n\n<p><strong>Temas em Destaque<\/strong><\/p>\n\n\n\n<p>As Jornadas T\u00e9cnicas da Imprensa Regional 2025 abordaram:<\/p>\n\n\n\n<p>&#8211; Desafios na Reda\u00e7\u00e3o e Inova\u00e7\u00e3o Editorial<\/p>\n\n\n\n<p>&#8211; Desenvolvimento de Estrat\u00e9gias Comerciais Digitais &#8211; Legisla\u00e7\u00e3o e \u00c9tica no Jornalismo<\/p>\n\n\n\n<p><\/p>\n","protected":false},"excerpt":{"rendered":"<p>A Associa\u00e7\u00e3o Portuguesa de Imprensa organizou as Jornadas T\u00e9cnicas da Imprensa Regional que resultou em tr\u00eas momentos de capacita\u00e7\u00e3o em Set\u00fabal, Aveiro e Braga, todas elas contaram com a presen\u00e7a da Visapress na pessoa do seu Diretor Executivo, Carlos Eug\u00e9nio. As Jornadas T\u00e9cnicas da Imprensa Regional 2025 tiveram como objetivo capacitar os profissionais da imprensa [&hellip;]<\/p>\n","protected":false},"author":2,"featured_media":0,"comment_status":"closed","ping_status":"closed","sticky":false,"template":"","format":"standard","meta":{"footnotes":""},"categories":[1],"tags":[],"class_list":["post-1471","post","type-post","status-publish","format-standard","hentry","category-uncategorized"],"_links":{"self":[{"href":"https:\/\/visapress.pt\/api\/wp\/v2\/posts\/1471","targetHints":{"allow":["GET"]}}],"collection":[{"href":"https:\/\/visapress.pt\/api\/wp\/v2\/posts"}],"about":[{"href":"https:\/\/visapress.pt\/api\/wp\/v2\/types\/post"}],"author":[{"embeddable":true,"href":"https:\/\/visapress.pt\/api\/wp\/v2\/users\/2"}],"replies":[{"embeddable":true,"href":"https:\/\/visapress.pt\/api\/wp\/v2\/comments?post=1471"}],"version-history":[{"count":1,"href":"https:\/\/visapress.pt\/api\/wp\/v2\/posts\/1471\/revisions"}],"predecessor-version":[{"id":1473,"href":"https:\/\/visapress.pt\/api\/wp\/v2\/posts\/1471\/revisions\/1473"}],"wp:attachment":[{"href":"https:\/\/visapress.pt\/api\/wp\/v2\/media?parent=1471"}],"wp:term":[{"taxonomy":"category","embeddable":true,"href":"https:\/\/visapress.pt\/api\/wp\/v2\/categories?post=1471"},{"taxonomy":"post_tag","embeddable":true,"href":"https:\/\/visapress.pt\/api\/wp\/v2\/tags?post=1471"}],"curies":[{"name":"wp","href":"https:\/\/api.w.org\/{rel}","templated":true}]}}