{"id":1460,"date":"2025-07-07T14:56:55","date_gmt":"2025-07-07T13:56:55","guid":{"rendered":"https:\/\/visapress.pt\/?p=1460"},"modified":"2025-07-07T16:56:10","modified_gmt":"2025-07-07T15:56:10","slug":"diretor-executivo-da-visapress-em-entrevista-a-lusa","status":"publish","type":"post","link":"https:\/\/visapress.pt\/2025\/07\/diretor-executivo-da-visapress-em-entrevista-a-lusa\/","title":{"rendered":"Diretor Executivo da Visapress em entrevista \u00e0 Lusa"},"content":{"rendered":"\n<figure class=\"wp-block-image size-large\"><img loading=\"lazy\" decoding=\"async\" width=\"1024\" height=\"683\" src=\"https:\/\/visapress.pt\/wp-content\/uploads\/2025\/07\/IMG_7215-1024x683.jpg\" alt=\"\" class=\"wp-image-1463\" srcset=\"https:\/\/visapress.pt\/wp-content\/uploads\/2025\/07\/IMG_7215-1024x683.jpg 1024w, https:\/\/visapress.pt\/wp-content\/uploads\/2025\/07\/IMG_7215-300x200.jpg 300w, https:\/\/visapress.pt\/wp-content\/uploads\/2025\/07\/IMG_7215-768x512.jpg 768w, https:\/\/visapress.pt\/wp-content\/uploads\/2025\/07\/IMG_7215-1536x1024.jpg 1536w, https:\/\/visapress.pt\/wp-content\/uploads\/2025\/07\/IMG_7215.jpg 2048w\" sizes=\"auto, (max-width: 1024px) 100vw, 1024px\" \/><\/figure>\n\n\n\n<p>Carlos Eug\u00e9nio, diretor executivo da Visapress afirmou, em entrevista \u00e0 Lusa, que a entidade que faz a gest\u00e3o coletiva dos direitos de autor de jornais e revistas fechou at\u00e9 agora acordos apenas com a Google e Microsoft.<\/p>\n\n\n\n<p>Em entrevista \u00e0 Lusa, Carlos Eug\u00e9nio faz o balan\u00e7o da diretiva dos direitos de autor no mercado \u00fanico digital, o qual entrou em pleno vigor no in\u00edcio de 2024.<\/p>\n\n\n\n<p>&#8220;Fech\u00e1mos primeiro com a Google, que teve sempre uma atua\u00e7\u00e3o proativa naquilo que diz respeito ao pagamento e a estar de acordo com a lei&#8221; e &#8220;depois fech\u00e1mos tamb\u00e9m com a Microsoft&#8221;, sendo que, &#8220;neste momento, s\u00e3o as duas \u00fanicas com quem temos acordos fechados&#8221;, adianta o respons\u00e1vel.<\/p>\n\n\n\n<p><strong>\u00c9 preciso nova metodologia para remunerar conte\u00fados de forma eficaz<\/strong><\/p>\n\n\n\n<p>Carlos Eug\u00e9nio defende que seja encontrada uma nova metodologia para remunerar os conte\u00fados de forma eficaz nas plataformas, j\u00e1 que atualmente \u00e9 \u201cpoucochinha\u201d.<\/p>\n\n\n\n<p>Em entrevista \u00e0 Lusa, Carlos Eug\u00e9nio defende a altera\u00e7\u00e3o da metodologia da remunera\u00e7\u00e3o, no \u00e2mbito da lei dos direitos de autor no mercado \u00fanico digital, aborda o neg\u00f3cio do &#8216;clipping&#8217; e fala dos desafios da Visapress.<\/p>\n\n\n\n<p>Questionado sobre o que gostaria de ver alterado na lei, o diretor executivo admite que, &#8220;olhando para tr\u00e1s e para os pressupostos que levam \u00e0 remunera\u00e7\u00e3o dos editores de imprensa que est\u00e3o vertidos na lei&#8221;, eventualmente, &#8220;deve existir uma altera\u00e7\u00e3o que permita fazer com que os editores de imprensa consigam ter uma remunera\u00e7\u00e3o mais concreta&#8221;.<\/p>\n\n\n\n<p><strong>Visapress defende mais transpar\u00eancia nos algoritmos de IA<\/strong><\/p>\n\n\n\n<p>O diretor executivo da Visapress considerou tamb\u00e9m que tem de haver mais transpar\u00eancia nos algoritmos de intelig\u00eancia artificial (IA) e considera a tecnologia como uma ferramenta tal como uma m\u00e1quina de escrever.<\/p>\n\n\n\n<p>A IA &#8220;traz novas formas de os utilizadores abordarem aquilo que s\u00e3o as pesquisas, o acesso \u00e0 informa\u00e7\u00e3o, os resumos que s\u00e3o efetuados&#8221;, mas as quest\u00f5es que a tecnologia coloca em cima da mesa s\u00e3o &#8220;se a informa\u00e7\u00e3o que \u00e9 veiculada pela intelig\u00eancia artificial \u00e9 ou n\u00e3o \u00e9 uma informa\u00e7\u00e3o cred\u00edvel, uma informa\u00e7\u00e3o com verdade dos factos&#8221;, diz Carlos Eug\u00e9nio.<\/p>\n\n\n\n<p>&#8220;Sabemos que os algoritmos&#8221; de IA &#8220;s\u00e3o criados por pessoas&#8221; e que &#8220;h\u00e1 sempre um enviesamento daquilo que \u00e9 o sentir da pessoa que criou&#8221;, o que tem impacto naquilo que \u00e9 a sa\u00edda do conte\u00fado, aponta.<\/p>\n","protected":false},"excerpt":{"rendered":"<p>Carlos Eug\u00e9nio, diretor executivo da Visapress afirmou, em entrevista \u00e0 Lusa, que a entidade que faz a gest\u00e3o coletiva dos direitos de autor de jornais e revistas fechou at\u00e9 agora acordos apenas com a Google e Microsoft. Em entrevista \u00e0 Lusa, Carlos Eug\u00e9nio faz o balan\u00e7o da diretiva dos direitos de autor no mercado \u00fanico [&hellip;]<\/p>\n","protected":false},"author":2,"featured_media":0,"comment_status":"closed","ping_status":"closed","sticky":false,"template":"","format":"standard","meta":{"footnotes":""},"categories":[1],"tags":[],"class_list":["post-1460","post","type-post","status-publish","format-standard","hentry","category-uncategorized"],"_links":{"self":[{"href":"https:\/\/visapress.pt\/api\/wp\/v2\/posts\/1460","targetHints":{"allow":["GET"]}}],"collection":[{"href":"https:\/\/visapress.pt\/api\/wp\/v2\/posts"}],"about":[{"href":"https:\/\/visapress.pt\/api\/wp\/v2\/types\/post"}],"author":[{"embeddable":true,"href":"https:\/\/visapress.pt\/api\/wp\/v2\/users\/2"}],"replies":[{"embeddable":true,"href":"https:\/\/visapress.pt\/api\/wp\/v2\/comments?post=1460"}],"version-history":[{"count":2,"href":"https:\/\/visapress.pt\/api\/wp\/v2\/posts\/1460\/revisions"}],"predecessor-version":[{"id":1464,"href":"https:\/\/visapress.pt\/api\/wp\/v2\/posts\/1460\/revisions\/1464"}],"wp:attachment":[{"href":"https:\/\/visapress.pt\/api\/wp\/v2\/media?parent=1460"}],"wp:term":[{"taxonomy":"category","embeddable":true,"href":"https:\/\/visapress.pt\/api\/wp\/v2\/categories?post=1460"},{"taxonomy":"post_tag","embeddable":true,"href":"https:\/\/visapress.pt\/api\/wp\/v2\/tags?post=1460"}],"curies":[{"name":"wp","href":"https:\/\/api.w.org\/{rel}","templated":true}]}}