{"id":1431,"date":"2025-06-15T23:39:37","date_gmt":"2025-06-15T22:39:37","guid":{"rendered":"https:\/\/visapress.pt\/?p=1431"},"modified":"2025-06-15T23:39:37","modified_gmt":"2025-06-15T22:39:37","slug":"visapress-na-direcao-da-pdln-um-reconhecimento-internacional","status":"publish","type":"post","link":"https:\/\/visapress.pt\/2025\/06\/visapress-na-direcao-da-pdln-um-reconhecimento-internacional\/","title":{"rendered":"Visapress na Dire\u00e7\u00e3o da PDLN: Um Reconhecimento Internacional"},"content":{"rendered":"\n<p>A elei\u00e7\u00e3o de Carlos Eug\u00e9nio, Diretor Executivo da Visapress, para vice-presidente da Publishers&#8217; Licensing Services (PDLN) no congresso realizado entre 25 e 27 de maio, na Pol\u00f3nia, \u00e9 um marco de grande <strong>import\u00e2ncia<\/strong> e <strong>honra<\/strong> para a Visapress e para o setor da gest\u00e3o coletiva de direitos de autor em Portugal.<\/p>\n\n\n\n<figure class=\"wp-block-image size-full\"><img loading=\"lazy\" decoding=\"async\" width=\"540\" height=\"127\" src=\"https:\/\/visapress.pt\/wp-content\/uploads\/2025\/06\/image.png\" alt=\"\" class=\"wp-image-1432\" srcset=\"https:\/\/visapress.pt\/wp-content\/uploads\/2025\/06\/image.png 540w, https:\/\/visapress.pt\/wp-content\/uploads\/2025\/06\/image-300x71.png 300w\" sizes=\"auto, (max-width: 540px) 100vw, 540px\" \/><\/figure>\n\n\n\n<p>A PDLN \u00e9 uma organiza\u00e7\u00e3o internacional que re\u00fane entidades de gest\u00e3o coletiva de direitos de autor de publica\u00e7\u00f5es, promovendo a coopera\u00e7\u00e3o e o interc\u00e2mbio de boas pr\u00e1ticas a n\u00edvel global. A inclus\u00e3o da Visapress na sua dire\u00e7\u00e3o reflete o reconhecimento do trabalho exemplar que a institui\u00e7\u00e3o tem desenvolvido em Portugal, bem como a sua contribui\u00e7\u00e3o ativa para as discuss\u00f5es e avan\u00e7os no cen\u00e1rio internacional dos direitos de autor.<\/p>\n\n\n\n<p>Esta posi\u00e7\u00e3o de lideran\u00e7a permite \u00e0 Visapress n\u00e3o s\u00f3 fortalecer a sua voz e influ\u00eancia nas decis\u00f5es globais que afetam os direitos de autor, mas tamb\u00e9m trazer para Portugal as mais recentes tend\u00eancias e inova\u00e7\u00f5es do setor. \u00c9 uma oportunidade \u00edmpar para partilhar a experi\u00eancia portuguesa e, simultaneamente, aprender com as melhores pr\u00e1ticas de outras na\u00e7\u00f5es, impulsionando assim o desenvolvimento cont\u00ednuo da Visapress e a prote\u00e7\u00e3o dos interesses dos seus representados.<\/p>\n","protected":false},"excerpt":{"rendered":"<p>A elei\u00e7\u00e3o de Carlos Eug\u00e9nio, Diretor Executivo da Visapress, para vice-presidente da Publishers&#8217; Licensing Services (PDLN) no congresso realizado entre 25 e 27 de maio, na Pol\u00f3nia, \u00e9 um marco de grande import\u00e2ncia e honra para a Visapress e para o setor da gest\u00e3o coletiva de direitos de autor em Portugal. A PDLN \u00e9 uma [&hellip;]<\/p>\n","protected":false},"author":2,"featured_media":0,"comment_status":"closed","ping_status":"closed","sticky":false,"template":"","format":"standard","meta":{"footnotes":""},"categories":[1],"tags":[],"class_list":["post-1431","post","type-post","status-publish","format-standard","hentry","category-uncategorized"],"_links":{"self":[{"href":"https:\/\/visapress.pt\/api\/wp\/v2\/posts\/1431","targetHints":{"allow":["GET"]}}],"collection":[{"href":"https:\/\/visapress.pt\/api\/wp\/v2\/posts"}],"about":[{"href":"https:\/\/visapress.pt\/api\/wp\/v2\/types\/post"}],"author":[{"embeddable":true,"href":"https:\/\/visapress.pt\/api\/wp\/v2\/users\/2"}],"replies":[{"embeddable":true,"href":"https:\/\/visapress.pt\/api\/wp\/v2\/comments?post=1431"}],"version-history":[{"count":1,"href":"https:\/\/visapress.pt\/api\/wp\/v2\/posts\/1431\/revisions"}],"predecessor-version":[{"id":1433,"href":"https:\/\/visapress.pt\/api\/wp\/v2\/posts\/1431\/revisions\/1433"}],"wp:attachment":[{"href":"https:\/\/visapress.pt\/api\/wp\/v2\/media?parent=1431"}],"wp:term":[{"taxonomy":"category","embeddable":true,"href":"https:\/\/visapress.pt\/api\/wp\/v2\/categories?post=1431"},{"taxonomy":"post_tag","embeddable":true,"href":"https:\/\/visapress.pt\/api\/wp\/v2\/tags?post=1431"}],"curies":[{"name":"wp","href":"https:\/\/api.w.org\/{rel}","templated":true}]}}