{"id":1136,"date":"2024-04-28T17:08:58","date_gmt":"2024-04-28T16:08:58","guid":{"rendered":"https:\/\/visapress.pt\/?p=1136"},"modified":"2024-04-30T17:10:33","modified_gmt":"2024-04-30T16:10:33","slug":"decisao-do-c-a-da-visapress-sobre-o-concurso-de-acesso-a-verbas-do-fundo-cultural-2023","status":"publish","type":"post","link":"https:\/\/visapress.pt\/2024\/04\/decisao-do-c-a-da-visapress-sobre-o-concurso-de-acesso-a-verbas-do-fundo-cultural-2023\/","title":{"rendered":"Decis\u00e3o do C.A. da VISAPRESS sobre o concurso de acesso a verbas do fundo cultural 2023"},"content":{"rendered":"\n<p><\/p>\n\n\n\n<p>O Conselho de Administra\u00e7\u00e3o da VISAPRESS, torna publica a grelha com a avalia\u00e7\u00e3o produzida pelo J\u00fari do concurso,  constitu\u00eddo por pelo Professor Catedr\u00e1tico de Ci\u00eancias da Comunica\u00e7\u00e3o no ISCTE, Gustavo Cardoso, e Presidente da OBERCOM, pelo Dr.\u00ba Pedro Raposo, S\u00f3cio Coordenador Corporate PRA \u2013 Raposo, S\u00e1 Miranda &amp; Associados e pela Dr.\u00aa Vera Penedo, diretora de programas e impacto no European Jornalism Center que liderou equipas multinacionais em jornais, redes de televis\u00e3o e ONG\u2019s, na Europa, Am\u00e9rica Latina e \u00c1sia. <br><br>Foram submetidas a concurso para acesso \u00e0s verbas do fundo cultural gerido pela VISAPRESS, 16 candidaturas, apresentadas por 7 cooperadores.<br><br>Importa real\u00e7ar, que o Conselho de Administra\u00e7\u00e3o, face \u00e0 pontua\u00e7\u00e3o atribu\u00edda pelo J\u00fari a cada um dos projetos candidatos, deliberou estabelece como pontua\u00e7\u00e3o m\u00ednima de 50 pontos para acesso \u00e0s verbas dispon\u00edveis .<br><br>Definidas estas condi\u00e7\u00f5es, foram contemplados 10 dos 16 projetos sujeitos a concurso.<\/p>\n\n\n\n<p><strong>Lista de Ordena\u00e7\u00e3o Final<\/strong><\/p>\n\n\n\n<figure class=\"wp-block-table alignwide\"><table><tbody><tr><td class=\"has-text-align-center\" data-align=\"center\">Classifica\u00e7\u00e3o<\/td><td>Entidade<\/td><td>Titulo do Projeto<\/td><td>Pontua\u00e7\u00e3o<\/td><\/tr><tr><td class=\"has-text-align-center\" data-align=\"center\">1<\/td><td>Jornal do Bairrada<\/td><td>Ciclo de confer\u00eancias \u2013 Direitos de Autor e combate \u00e0 partilha ilegal de conte\u00fados<\/td><td>80<\/td><\/tr><tr><td class=\"has-text-align-center\" data-align=\"center\">2<\/td><td>Regi\u00e3o de Leiria <\/td><td>RL Escolas<\/td><td>73<\/td><\/tr><tr><td class=\"has-text-align-center\" data-align=\"center\">3<\/td><td>Publico<\/td><td>Psuperior<\/td><td>70<\/td><\/tr><tr><td class=\"has-text-align-center\" data-align=\"center\">4<\/td><td>Global Media <\/td><td>Coluna sobre direitos de autor no JN<\/td><td>69<\/td><\/tr><tr><td class=\"has-text-align-center\" data-align=\"center\">5<\/td><td>Global Media <\/td><td>Dinheiro Vivo Talks sobre Direito de autor<\/td><td>66<\/td><\/tr><tr><td class=\"has-text-align-center\" data-align=\"center\">6<\/td><td>Global Media <\/td><td>VisaPress D\u00e1 Licen\u00e7a, Quantos Passos? Podcast Direitos de autor<\/td><td>62<\/td><\/tr><tr><td class=\"has-text-align-center\" data-align=\"center\">7<\/td><td>Pi\u00e7arra<\/td><td>A CULTURA TEM AUTOR II: 10 PROJETOS CULTURAIS &#8211; A DESCENTRALIZA\u00c7\u00c3O DOS CENTROS URBANOS<\/td><td>62<\/td><\/tr><tr><td class=\"has-text-align-center\" data-align=\"center\">8<\/td><td>Lusa<\/td><td>Distribui\u00e7\u00e3o de servi\u00e7o noticioso Lusa a Institutos e Universidades que lecionam cursos de jornalismo e de comunica\u00e7\u00e3o social<\/td><td>56<\/td><\/tr><tr><td class=\"has-text-align-center\" data-align=\"center\">9<\/td><td>Associa\u00e7\u00e3o Portuguesa de Imprensa<\/td><td>Dia nacional de imprensa<\/td><td>51<\/td><\/tr><tr><td class=\"has-text-align-center\" data-align=\"center\">10<\/td><td>Global Media <\/td><td>Programa de R\u00e1dio, Sintonize os Direitos de Autor<\/td><td>51<\/td><\/tr><tr><td class=\"has-text-align-center\" data-align=\"center\">11<\/td><td>Cofina <\/td><td>LIVRO \/ \u00c1LBUM DE OURO 50 ANOS 25 ABRIL<\/td><td>46<\/td><\/tr><tr><td class=\"has-text-align-center\" data-align=\"center\">12<\/td><td>Cofina <\/td><td>Cole\u00e7\u00e3o LIVROS CMTV<\/td><td>44<\/td><\/tr><tr><td class=\"has-text-align-center\" data-align=\"center\">13<\/td><td>Impresa<\/td><td>Campanha divulga\u00e7\u00e3o Video Institucional<\/td><td>44<\/td><\/tr><tr><td class=\"has-text-align-center\" data-align=\"center\">14<\/td><td>Regi\u00e3o de Leiria <\/td><td>Calend\u00e1rio<\/td><td>44<\/td><\/tr><tr><td class=\"has-text-align-center\" data-align=\"center\">15<\/td><td>Regi\u00e3o de Leiria <\/td><td>RL +65<\/td><td>42<\/td><\/tr><tr><td class=\"has-text-align-center\" data-align=\"center\">16<\/td><td>Cofina <\/td><td>Comemora\u00e7\u00e3o do 75\u00ba anivers\u00e1rio do Record<\/td><td>39<\/td><\/tr><\/tbody><\/table><\/figure>\n","protected":false},"excerpt":{"rendered":"<p>O Conselho de Administra\u00e7\u00e3o da VISAPRESS, torna publica a grelha com a avalia\u00e7\u00e3o produzida pelo J\u00fari do concurso, constitu\u00eddo por pelo Professor Catedr\u00e1tico de Ci\u00eancias da Comunica\u00e7\u00e3o no ISCTE, Gustavo Cardoso, e Presidente da OBERCOM, pelo Dr.\u00ba Pedro Raposo, S\u00f3cio Coordenador Corporate PRA \u2013 Raposo, S\u00e1 Miranda &amp; Associados e pela Dr.\u00aa Vera Penedo, diretora [&hellip;]<\/p>\n","protected":false},"author":2,"featured_media":0,"comment_status":"closed","ping_status":"closed","sticky":false,"template":"","format":"standard","meta":{"footnotes":""},"categories":[1],"tags":[],"class_list":["post-1136","post","type-post","status-publish","format-standard","hentry","category-uncategorized"],"_links":{"self":[{"href":"https:\/\/visapress.pt\/api\/wp\/v2\/posts\/1136","targetHints":{"allow":["GET"]}}],"collection":[{"href":"https:\/\/visapress.pt\/api\/wp\/v2\/posts"}],"about":[{"href":"https:\/\/visapress.pt\/api\/wp\/v2\/types\/post"}],"author":[{"embeddable":true,"href":"https:\/\/visapress.pt\/api\/wp\/v2\/users\/2"}],"replies":[{"embeddable":true,"href":"https:\/\/visapress.pt\/api\/wp\/v2\/comments?post=1136"}],"version-history":[{"count":1,"href":"https:\/\/visapress.pt\/api\/wp\/v2\/posts\/1136\/revisions"}],"predecessor-version":[{"id":1137,"href":"https:\/\/visapress.pt\/api\/wp\/v2\/posts\/1136\/revisions\/1137"}],"wp:attachment":[{"href":"https:\/\/visapress.pt\/api\/wp\/v2\/media?parent=1136"}],"wp:term":[{"taxonomy":"category","embeddable":true,"href":"https:\/\/visapress.pt\/api\/wp\/v2\/categories?post=1136"},{"taxonomy":"post_tag","embeddable":true,"href":"https:\/\/visapress.pt\/api\/wp\/v2\/tags?post=1136"}],"curies":[{"name":"wp","href":"https:\/\/api.w.org\/{rel}","templated":true}]}}